{"id":702,"date":"2020-03-22T15:57:58","date_gmt":"2020-03-22T14:57:58","guid":{"rendered":"https:\/\/alexandraborchardt.com\/?p=702"},"modified":"2020-03-22T15:57:59","modified_gmt":"2020-03-22T14:57:59","slug":"information-jetzt-in-der-corona-krise-rettet-qualitaetsjournalismus-leben","status":"publish","type":"post","link":"https:\/\/alexandraborchardt.com\/de\/information-jetzt-in-der-corona-krise-rettet-qualitaetsjournalismus-leben\/","title":{"rendered":"Information jetzt &#8211; In der Corona-Krise rettet Qualit\u00e4tsjournalismus Leben"},"content":{"rendered":"\n<h4><em><strong>In der Coro\u00adna\u00adkrise sind akku\u00adrate, ver\u00adst\u00e4nd\u00adli\u00adche, fak\u00adten\u00adtreue Medien ent\u00adschei\u00addend daf\u00fcr, wie Ein\u00adzelne handeln und damit wie Gesell\u00adschaft und Wirt\u00adschaft funk\u00adtio\u00adnie\u00adren. Nur Qua\u00adli\u00adt\u00e4ts\u00adme\u00addien mit ihrer Reich\u00adweite quer durch alle sozia\u00adlen Schich\u00adten k\u00f6nnen diese Aufgabe \u00fcber\u00adneh\u00admen.<\/strong><\/em><\/h4>\n<p>Kri\u00adsen\u00adzei\u00adten sind keine Zeiten f\u00fcr Bes\u00adser\u00adwis\u00adser. Es sind die Stunden der\u00adje\u00adni\u00adgen, die es besser wissen. Dies sollten sich alle zu Herzen nehmen in diesen Tagen, Wochen und abseh\u00adbar Monaten, in denen das Corona-Virus die Gesund\u00adheit von Men\u00adschen rund um den Globus und in der Folge die Welt\u00adwirt\u00adschaft bedroht. Gef\u00fchls\u00adaus\u00adbr\u00fc\u00adche auch von Exper\u00adten sind in dieser ange\u00adspann\u00adten Lage zwar ver\u00adst\u00e4nd\u00adlich. Aber vor allem die\u00adje\u00adni\u00adgen, die dies als Gele\u00adgen\u00adheit betrach\u00adten, mit \u201eden Medien\u201c im All\u00adge\u00admei\u00adnen und den \u00f6ffent\u00adlich-recht\u00adli\u00adchen Sendern im Beson\u00adde\u00adren abzu\u00adrech\u00adnen, sollten sich diese Emo\u00adtio\u00adnen ver\u00adknei\u00adfen. Denn im Zweifel gef\u00e4hr\u00adden sie damit Leben.<\/p>\n<p>In der Krise ist eine ver\u00adl\u00e4ss\u00adli\u00adche, akku\u00adrate, ver\u00adst\u00e4nd\u00adli\u00adche, unab\u00adh\u00e4n\u00adgige und ebenso tief\u00adge\u00adhende wie reak\u00adti\u00adons\u00adschnelle Infor\u00adma\u00adtion ent\u00adschei\u00addend daf\u00fcr, wie Ein\u00adzelne Handeln und damit wie Gesell\u00adschaft und Wirt\u00adschaft funk\u00adtio\u00adnie\u00adren. Nur Qua\u00adli\u00adt\u00e4ts\u00adme\u00addien mit ihrer Reich\u00adweite quer durch alle sozia\u00adlen Schich\u00adten k\u00f6nnen sie liefern.<\/p>\n<p>Zum Gl\u00fcck ist die all\u00adge\u00admeine \u00d6ffent\u00adlich\u00adkeit in den meisten L\u00e4ndern kl\u00fcger als so manch eine Chat-Runde in den sozia\u00adlen Medien. Die eta\u00adblier\u00adten Medi\u00aden\u00adh\u00e4u\u00adser berich\u00adten davon, wie Ihnen das Publi\u00adkum s\u00e4mt\u00adli\u00adche Ange\u00adbote zum Thema Covid-19 f\u00f6rm\u00adlich aus dem Netz saugt. News\u00adlet\u00adter werden so stark ge\u00f6ff\u00adnet wie nie, Bei\u00adtr\u00e4ge abge\u00adru\u00adfen, Links geklickt. Manch eine Publi\u00adka\u00adtion \u00f6ffnet ihre Bezahl\u00adschranke f\u00fcr Corona-Berichte oder nutzt den Infor\u00adma\u00adti\u00adons\u00adhun\u00adger f\u00fcrs Abo-Mar\u00adke\u00adting. Die Men\u00adschen wissen, wohin sie sich in unsi\u00adche\u00adren Zeiten wenden m\u00fcssen: zu den Medien ihres Ver\u00adtrau\u00adens. Und auch die Ent\u00adschei\u00addungs\u00adtr\u00e4\u00adger infor\u00admie\u00adren sich dort. So manch eine kluge Info\u00adgra\u00adfik \u00fcber ver\u00adschie\u00addene Sze\u00adna\u00adrien zur Aus\u00adbrei\u00adtung der Pan\u00adde\u00admie hat auch Zau\u00adde\u00adrer in Politik und Unter\u00adneh\u00admen davon \u00fcber\u00adzeugt, dass jetzt dras\u00adti\u00adsche Ein\u00adschnitte n\u00f6tig sind, um das Gesund\u00adheits\u00adsys\u00adtem am Laufen zu halten.<\/p>\n<p>Ein Problem ent\u00adsteht \u00fcberall dort, wo der Medi\u00aden\u00adkon\u00adsum entlang poli\u00adti\u00adscher \u00dcber\u00adzeu\u00adgun\u00adgen hoch pola\u00adri\u00adsiert ist und es die Ange\u00adbote nicht oder nicht mehr fl\u00e4\u00adchen\u00adde\u00adckend gibt, denen die Men\u00adschen allen Studien zufolge am meisten ver\u00adtrauen: Lokal\u00adzei\u00adtun\u00adgen und \u00f6ffent\u00adlich-recht\u00adli\u00adche Sender. Dies ist zum Bei\u00adspiel in den USA der Fall. Lokal\u00adzei\u00adtun\u00adgen gibt es an einigen Orten nicht mehr, das Natio\u00adnal Public Radio fristet ein Nischen\u00adda\u00adsein. Weil viele B\u00fcrger, vor allem aus dem Lager der Trump-W\u00e4hler, den gro\u00dfen \u00fcber\u00adre\u00adgio\u00adna\u00adlen Qua\u00adli\u00adt\u00e4ts\u00adme\u00addien nicht ver\u00adtrauen, sind sie beson\u00adders <a href=\"https:\/\/www.bbc.com\/news\/entertainment-arts-51858555\">anf\u00e4l\u00adlig f\u00fcr Ver\u00adschw\u00f6\u00adrungs\u00adtheo\u00adrien<\/a> aller Art. In Frank\u00adreich, wo die Gelb\u00adwes\u00adten-Bewe\u00adgung ein tiefes Miss\u00adtrauen gegen \u201edie Presse\u201c hegt und sie auf Seiten der Elite ver\u00ador\u00adtet, gab es sogar eine <a href=\"https:\/\/www.france24.com\/en\/20200314-french-yellow-vests-defy-coronavirus-measures-to-demonstrate-in-paris-on-eve-of-elections\">Protest-Demons\u00adtra\u00adtion<\/a> gegen die Ein\u00adschr\u00e4n\u00adkun\u00adgen des \u00f6ffent\u00adli\u00adchen Lebens. Beides ist brand\u00adge\u00adf\u00e4hr\u00adlich.<\/p>\n<p>So manch ein Experte, der in den sozia\u00adlen Medien schimpft, auf Twitter finde er oder sie viel bessere Infor\u00adma\u00adtio\u00adnen als in den Qua\u00adli\u00adt\u00e4ts\u00adme\u00addien, mag damit punk\u00adtu\u00adell recht haben. Aller\u00addings liegt ein gro\u00dfes Problem dieser Zeit in der Asym\u00adme\u00adtrie der \u00f6ffent\u00adli\u00adchen Infor\u00adma\u00adtion. W\u00e4hrend Gebil\u00addete keine M\u00fche damit haben, die sozia\u00adlen Netz\u00adwerke zu navi\u00adgie\u00adren und darin schnel\u00adler mehr und bessere Aus\u00adk\u00fcnfte zu finden, als dies bei\u00adspiels\u00adweise noch vor 20 Jahren der Fall gewesen w\u00e4re, zir\u00adku\u00adlie\u00adren andere in weniger auf\u00adge\u00adkl\u00e4r\u00adten Kreisen. Sie sehen dann \u00fcber\u00adwie\u00adgend Bilder von leeren Regalen und st\u00fcrmen die Dro\u00adge\u00adrie\u00adm\u00e4rkte auf der Suche nach Klo\u00adpa\u00adpier, wenn sie nicht gleich selt\u00adsa\u00admen, gerne \u00fcber geschlos\u00adsene Whats\u00adApp-Gruppen geteil\u00adten Tipps und Spe\u00adku\u00adla\u00adtio\u00adnen anheim\u00adfal\u00adlen. Jour\u00adna\u00adlis\u00adten sind die\u00adje\u00adni\u00adgen, die all diese Infor\u00adma\u00adtio\u00adnen sichten, sor\u00adtie\u00adren, \u00fcber\u00adpr\u00fc\u00adfen, die ent\u00adspre\u00adchen\u00adden Exper\u00adten aus\u00adfra\u00adgen und damit ver\u00adst\u00e4nd\u00adlich f\u00fcr alle machen. Ohne Qua\u00adli\u00adt\u00e4ts-Jour\u00adna\u00adlis\u00admus w\u00fcrde sich die Infor\u00adma\u00adti\u00adons-Ungleich\u00adheit massiv ver\u00adsch\u00e4r\u00adfen. Den Schaden h\u00e4tten alle.<\/p>\n<p>Wer aber sind nun die\u00adje\u00adni\u00adgen, die es besser wissen, und wie iden\u00adti\u00adfi\u00adziert man sie? Tat\u00ads\u00e4ch\u00adlich l\u00e4sst sich das nur in der Koope\u00adra\u00adtion und im Aus\u00adtausch von Ideen her\u00adaus\u00adfin\u00adden, denn die Lage kann sich schnell \u00e4ndern. Es ist deshalb wenig hilf\u00adreich, ein\u00adzelne Pro\u00adfes\u00adso\u00adren (sel\u00adte\u00adner: Pro\u00adfes\u00adso\u00adrin\u00adnen) zu Medi\u00aden\u00adhel\u00adden zu sti\u00adli\u00adsie\u00adren, so bril\u00adlant sie auch sein m\u00f6gen. Erstens k\u00f6nnen sie nur gut bleiben, wenn sie sich st\u00e4ndig \u00fcber neueste Ent\u00adwick\u00adlun\u00adgen infor\u00admie\u00adren und mit Kol\u00adle\u00adgin\u00adnen und Kol\u00adle\u00adgen aus\u00adtau\u00adschen. Dazu brau\u00adchen sie Zeit. Und zwei\u00adtens f\u00fchrt solch ein Star-Dasein schnell zu einer Hybris, die der ehr\u00adli\u00adchen Suche nach dem neu\u00ades\u00adten Stand des Wissens abtr\u00e4g\u00adlich ist. Wis\u00adsen\u00adschaft ist ein st\u00e4n\u00addi\u00adger Prozess, sie liefert nur selten letzt\u00adg\u00fcl\u00adtige Ant\u00adwor\u00adten.<\/p>\n<p>Recht\u00adha\u00adber sollten es sich deshalb auch ver\u00adknei\u00adfen, \u00e4ltere Aus\u00adsa\u00adgen endlos her\u00advor\u00adzu\u00adkra\u00admen und die Bot\u00adschaf\u00adter vor\u00adzu\u00adf\u00fch\u00adren. F\u00fcr die Medien gilt: Der Reflex des Politik-Jour\u00adna\u00adlis\u00admus, nach Schul\u00addi\u00adgen zu suchen, ist hier weniger gefragt als die ergeb\u00adnis\u00adof\u00adfene Suche des Wis\u00adsen\u00adschafts\u00adjour\u00adna\u00adlis\u00admus.<\/p>\n<p>Noch st\u00e4rker als sonst ist in Kri\u00adsen\u00adzei\u00adten Lernen bei lau\u00adfen\u00addem Betrieb ein 24-Stunden-Gesch\u00e4ft. Und Lernen k\u00f6nnen bei so einer Gro\u00df\u00adkrise nur alle gemein\u00adsam: Exper\u00adten, Poli\u00adti\u00adker und Jour\u00adna\u00adlis\u00adten ebenso wie die B\u00fcrger \u2013 und das welt\u00adweit \u00fcber L\u00e4n\u00adder\u00adgren\u00adzen hinweg.<\/p>\n<p><em>Diese Kolumne erschien am 17. M\u00e4rz 2020 bei <a href=\"https:\/\/libmod.de\/corona-medien-qualitaetsjournalismus\/\">Zentrum Liberale Moderne<\/a><\/em><\/p>\n","protected":false},"excerpt":{"rendered":"<p>In der Coro\u00adna\u00adkrise sind akku\u00adrate, ver\u00adst\u00e4nd\u00adli\u00adche, fak\u00adten\u00adtreue Medien ent\u00adschei\u00addend daf\u00fcr, wie Ein\u00adzelne handeln und damit wie Gesell\u00adschaft und Wirt\u00adschaft funk\u00adtio\u00adnie\u00adren. Nur Qua\u00adli\u00adt\u00e4ts\u00adme\u00addien mit ihrer Reich\u00adweite quer durch alle sozia\u00adlen Schich\u00adten k\u00f6nnen diese Aufgabe \u00fcber\u00adneh\u00admen. Kri\u00adsen\u00adzei\u00adten sind keine Zeiten f\u00fcr Bes\u00adser\u00adwis\u00adser. Es sind die Stunden der\u00adje\u00adni\u00adgen, die es besser wissen. Dies sollten sich alle zu Herzen &hellip; <\/p>\n<p class=\"link-more\"><a href=\"https:\/\/alexandraborchardt.com\/de\/information-jetzt-in-der-corona-krise-rettet-qualitaetsjournalismus-leben\/\" class=\"more-link\"><span class=\"screen-reader-text\">\u201eInformation jetzt &#8211; In der Corona-Krise rettet Qualit\u00e4tsjournalismus Leben\u201c <\/span>weiterlesen<\/a><\/p>\n","protected":false},"author":3,"featured_media":0,"comment_status":"open","ping_status":"open","sticky":false,"template":"","format":"standard","meta":{"_acf_changed":false,"footnotes":""},"categories":[1],"tags":[106,107,112,52,113,60,110,61,108,66,111,109,114],"class_list":["post-702","post","type-post","status-publish","format-standard","hentry","category-unkategorisiert","tag-corona","tag-covid19","tag-information","tag-journalismus","tag-journalisten","tag-medien","tag-pandemie","tag-presse","tag-sender","tag-soziale-netzwerke","tag-vertrauen","tag-virus","tag-wissenschaftler"],"acf":[],"_links":{"self":[{"href":"https:\/\/alexandraborchardt.com\/de\/wp-json\/wp\/v2\/posts\/702\/"}],"collection":[{"href":"https:\/\/alexandraborchardt.com\/de\/wp-json\/wp\/v2\/posts\/"}],"about":[{"href":"https:\/\/alexandraborchardt.com\/de\/wp-json\/wp\/v2\/types\/post\/"}],"author":[{"embeddable":true,"href":"https:\/\/alexandraborchardt.com\/de\/wp-json\/wp\/v2\/users\/3\/"}],"replies":[{"embeddable":true,"href":"https:\/\/alexandraborchardt.com\/de\/wp-json\/wp\/v2\/comments\/?post=702"}],"version-history":[{"count":1,"href":"https:\/\/alexandraborchardt.com\/de\/wp-json\/wp\/v2\/posts\/702\/revisions\/"}],"predecessor-version":[{"id":703,"href":"https:\/\/alexandraborchardt.com\/de\/wp-json\/wp\/v2\/posts\/702\/revisions\/703\/"}],"wp:attachment":[{"href":"https:\/\/alexandraborchardt.com\/de\/wp-json\/wp\/v2\/media\/?parent=702"}],"wp:term":[{"taxonomy":"category","embeddable":true,"href":"https:\/\/alexandraborchardt.com\/de\/wp-json\/wp\/v2\/categories\/?post=702"},{"taxonomy":"post_tag","embeddable":true,"href":"https:\/\/alexandraborchardt.com\/de\/wp-json\/wp\/v2\/tags\/?post=702"}],"curies":[{"name":"wp","href":"https:\/\/api.w.org\/{rel}","templated":true}]}}